{"id":3629,"date":"2026-08-31T12:32:47","date_gmt":"2026-08-31T10:32:47","guid":{"rendered":"https:\/\/equilibreinfo.com\/?p=3629"},"modified":"2026-08-31T12:32:47","modified_gmt":"2026-08-31T10:32:47","slug":"criet-5-ans-de-prison-requis-contre-cinq-prevenus-dont-03-militaires-dans-une-affaire-de-produits-pharmaceutiques","status":"publish","type":"post","link":"https:\/\/equilibreinfo.com\/?p=3629","title":{"rendered":"CRIET : 5 ans de prison requis contre cinq pr\u00e9venus, dont 03 militaires, dans une affaire de produits pharmaceutiques"},"content":{"rendered":"<p>Cinq pr\u00e9venus, parmi lesquels trois militaires, risquent chacun cinq ans de prison ferme et 2 millions de FCFA d\u2019amende. Le parquet sp\u00e9cial pr\u00e8s la Cour de r\u00e9pression des infractions \u00e9conomiques et du terrorisme (CRIET) a formul\u00e9 ces r\u00e9quisitions dans une affaire portant sur la remise pr\u00e9sum\u00e9e de produits pharmaceutiques saisis contre de l\u2019argent.<\/p>\n<p>Selon Libre Express, les trois militaires auraient proc\u00e9d\u00e9 \u00e0 une saisie simul\u00e9e de produits pharmaceutiques, avant de restituer la cargaison en \u00e9change de sommes d\u2019argent. Les montants \u00e9voqu\u00e9s au cours de la proc\u00e9dure sont de 200 000 et 300 000 FCFA.<\/p>\n<p>Face \u00e0 ces accusations, les cinq pr\u00e9venus ont contest\u00e9 les faits qui leur sont reproch\u00e9s. Les militaires concern\u00e9s ont notamment rejet\u00e9 les accusations port\u00e9es contre eux.<\/p>\n<p>\u00c0 la barre, la d\u00e9fense a plaid\u00e9 la relaxe des pr\u00e9venus. Elle a notamment soutenu que le simple fait d&rsquo;appartenir \u00e0 un m\u00eame forum ne saurait, \u00e0 lui seul, constituer une preuve suffisante pour \u00e9tablir la commission d&rsquo;une infraction.<\/p>\n<p>Apr\u00e8s les d\u00e9bats, la Cour n&rsquo;a pas encore rendu sa d\u00e9cision. L&rsquo;affaire a \u00e9t\u00e9 renvoy\u00e9e au 8 octobre 2026, notamment pour permettre la production de nouvelles pi\u00e8ces.<\/p>\n<p>En attendant cette prochaine audience, les cinq pr\u00e9venus restent pr\u00e9sum\u00e9s innocents jusqu&rsquo;\u00e0 une \u00e9ventuelle d\u00e9cision d\u00e9finitive de justice.<\/p>\n","protected":false},"excerpt":{"rendered":"<p>Cinq pr\u00e9venus, parmi lesquels trois militaires, risquent chacun cinq ans de prison ferme et 2 millions de FCFA<\/p>\n","protected":false},"author":1,"featured_media":3484,"comment_status":"open","ping_status":"open","sticky":false,"template":"","format":"standard","meta":{"footnotes":""},"categories":[18],"tags":[346,185,653,61,158,179,2321,2909,2794,366,5228,68],"class_list":["post-3629","post","type-post","status-publish","format-standard","has-post-thumbnail","hentry","category-actualite","tag-actualitebenin","tag-justicebenin","tag-affairejudiciaire","tag-benin","tag-criet","tag-justice","tag-luttecontrelafraude","tag-militaires","tag-prison","tag-proces","tag-produitspharmaceutiques","tag-securite"],"yoast_head":"<!-- This site is optimized with the Yoast SEO plugin v28.3 - https:\/\/yoast.com\/product\/yoast-seo-wordpress\/ -->\n<title>CRIET : 5 ans de prison requis contre cinq pr\u00e9venus, dont 03 militaires, dans une affaire de produits pharmaceutiques - Equilibre<\/title>\n<meta name=\"description\" content=\"CRIET : le parquet sp\u00e9cial requiert 5 ans de prison ferme et 2 millions FCFA d\u2019amende contre cinq pr\u00e9venus, dont trois militaires, dans une affaire de produits pharmaceutiques.\" \/>\n<meta name=\"robots\" content=\"index, follow, max-snippet:-1, max-image-preview:large, max-video-preview:-1\" \/>\n<link rel=\"canonical\" href=\"https:\/\/equilibreinfo.com\/?p=3629\" \/>\n<meta property=\"og:locale\" content=\"fr_FR\" \/>\n<meta property=\"og:type\" content=\"article\" \/>\n<meta property=\"og:title\" content=\"CRIET : 5 ans de prison requis contre cinq pr\u00e9venus, dont 03 militaires, dans une affaire de produits pharmaceutiques - Equilibre\" \/>\n<meta property=\"og:description\" content=\"CRIET : le parquet sp\u00e9cial requiert 5 ans de prison ferme et 2 millions FCFA d\u2019amende contre cinq pr\u00e9venus, dont trois militaires, dans une affaire de produits pharmaceutiques.\" \/>\n<meta property=\"og:url\" content=\"https:\/\/equilibreinfo.com\/?p=3629\" \/>\n<meta property=\"og:site_name\" content=\"Equilibre\" \/>\n<meta property=\"article:published_time\" content=\"2026-08-31T10:32:47+00:00\" \/>\n<meta property=\"og:image\" content=\"https:\/\/equilibreinfo.com\/wp-content\/uploads\/2026\/06\/GettyImages-903993266.webp\" \/>\n\t<meta property=\"og:image:width\" content=\"1040\" \/>\n\t<meta property=\"og:image:height\" content=\"694\" \/>\n\t<meta property=\"og:image:type\" content=\"image\/webp\" \/>\n<meta name=\"author\" content=\"equilibreinfo\" \/>\n<meta name=\"twitter:card\" content=\"summary_large_image\" \/>\n<meta name=\"twitter:label1\" content=\"\u00c9crit par\" \/>\n\t<meta name=\"twitter:data1\" content=\"equilibreinfo\" \/>\n\t<meta name=\"twitter:label2\" content=\"Dur\u00e9e de lecture estim\u00e9e\" \/>\n\t<meta name=\"twitter:data2\" content=\"2 minutes\" \/>\n<script type=\"application\/ld+json\" class=\"yoast-schema-graph\">{\"@context\":\"https:\\\/\\\/schema.org\",\"@graph\":[{\"@type\":\"Article\",\"@id\":\"https:\\\/\\\/equilibreinfo.com\\\/?p=3629#article\",\"isPartOf\":{\"@id\":\"https:\\\/\\\/equilibreinfo.com\\\/?p=3629\"},\"author\":{\"name\":\"equilibreinfo\",\"@id\":\"https:\\\/\\\/equilibreinfo.com\\\/#\\\/schema\\\/person\\\/4eef64c741ac6226a7b0ef81878fa086\"},\"headline\":\"CRIET : 5 ans de prison requis contre cinq pr\u00e9venus, dont 03 militaires, dans une affaire de produits pharmaceutiques\",\"datePublished\":\"2026-08-31T10:32:47+00:00\",\"mainEntityOfPage\":{\"@id\":\"https:\\\/\\\/equilibreinfo.com\\\/?p=3629\"},\"wordCount\":240,\"commentCount\":0,\"publisher\":{\"@id\":\"https:\\\/\\\/equilibreinfo.com\\\/#organization\"},\"image\":{\"@id\":\"https:\\\/\\\/equilibreinfo.com\\\/?p=3629#primaryimage\"},\"thumbnailUrl\":\"https:\\\/\\\/equilibreinfo.com\\\/wp-content\\\/uploads\\\/2026\\\/06\\\/GettyImages-903993266.webp\",\"keywords\":[\"- #Actualit\u00e9B\u00e9nin\",\"##JusticeB\u00e9nin\",\"#AffaireJudiciaire\",\"#B\u00e9nin\",\"#CRIET\",\"#Justice\",\"#LutteContreLaFraude\",\"#Militaires\",\"#Prison\",\"#Proc\u00e8s\",\"#ProduitsPharmaceutiques\",\"#S\u00e9curit\u00e9\"],\"articleSection\":[\"Actualit\u00e9\"],\"inLanguage\":\"fr-FR\",\"potentialAction\":[{\"@type\":\"CommentAction\",\"name\":\"Comment\",\"target\":[\"https:\\\/\\\/equilibreinfo.com\\\/?p=3629#respond\"]}]},{\"@type\":\"WebPage\",\"@id\":\"https:\\\/\\\/equilibreinfo.com\\\/?p=3629\",\"url\":\"https:\\\/\\\/equilibreinfo.com\\\/?p=3629\",\"name\":\"CRIET : 5 ans de prison requis contre cinq pr\u00e9venus, dont 03 militaires, dans une affaire de produits pharmaceutiques - Equilibre\",\"isPartOf\":{\"@id\":\"https:\\\/\\\/equilibreinfo.com\\\/#website\"},\"primaryImageOfPage\":{\"@id\":\"https:\\\/\\\/equilibreinfo.com\\\/?p=3629#primaryimage\"},\"image\":{\"@id\":\"https:\\\/\\\/equilibreinfo.com\\\/?p=3629#primaryimage\"},\"thumbnailUrl\":\"https:\\\/\\\/equilibreinfo.com\\\/wp-content\\\/uploads\\\/2026\\\/06\\\/GettyImages-903993266.webp\",\"datePublished\":\"2026-08-31T10:32:47+00:00\",\"description\":\"CRIET : le parquet sp\u00e9cial requiert 5 ans de prison ferme et 2 millions FCFA d\u2019amende contre cinq pr\u00e9venus, dont trois militaires, dans une affaire de produits pharmaceutiques.\",\"breadcrumb\":{\"@id\":\"https:\\\/\\\/equilibreinfo.com\\\/?p=3629#breadcrumb\"},\"inLanguage\":\"fr-FR\",\"potentialAction\":[{\"@type\":\"ReadAction\",\"target\":[\"https:\\\/\\\/equilibreinfo.com\\\/?p=3629\"]}]},{\"@type\":\"ImageObject\",\"inLanguage\":\"fr-FR\",\"@id\":\"https:\\\/\\\/equilibreinfo.com\\\/?p=3629#primaryimage\",\"url\":\"https:\\\/\\\/equilibreinfo.com\\\/wp-content\\\/uploads\\\/2026\\\/06\\\/GettyImages-903993266.webp\",\"contentUrl\":\"https:\\\/\\\/equilibreinfo.com\\\/wp-content\\\/uploads\\\/2026\\\/06\\\/GettyImages-903993266.webp\",\"width\":1040,\"height\":694},{\"@type\":\"BreadcrumbList\",\"@id\":\"https:\\\/\\\/equilibreinfo.com\\\/?p=3629#breadcrumb\",\"itemListElement\":[{\"@type\":\"ListItem\",\"position\":1,\"name\":\"Accueil\",\"item\":\"https:\\\/\\\/equilibreinfo.com\\\/\"},{\"@type\":\"ListItem\",\"position\":2,\"name\":\"CRIET : 5 ans de prison requis contre cinq pr\u00e9venus, dont 03 militaires, dans une affaire de produits pharmaceutiques\"}]},{\"@type\":\"WebSite\",\"@id\":\"https:\\\/\\\/equilibreinfo.com\\\/#website\",\"url\":\"https:\\\/\\\/equilibreinfo.com\\\/\",\"name\":\"Cartes sur table communication\",\"description\":\"Site Web d\u2019informations d\u2019analyses et de publicit\u00e9\",\"publisher\":{\"@id\":\"https:\\\/\\\/equilibreinfo.com\\\/#organization\"},\"potentialAction\":[{\"@type\":\"SearchAction\",\"target\":{\"@type\":\"EntryPoint\",\"urlTemplate\":\"https:\\\/\\\/equilibreinfo.com\\\/?s={search_term_string}\"},\"query-input\":{\"@type\":\"PropertyValueSpecification\",\"valueRequired\":true,\"valueName\":\"search_term_string\"}}],\"inLanguage\":\"fr-FR\"},{\"@type\":\"Organization\",\"@id\":\"https:\\\/\\\/equilibreinfo.com\\\/#organization\",\"name\":\"Cartes sur table communication\",\"url\":\"https:\\\/\\\/equilibreinfo.com\\\/\",\"logo\":{\"@type\":\"ImageObject\",\"inLanguage\":\"fr-FR\",\"@id\":\"https:\\\/\\\/equilibreinfo.com\\\/#\\\/schema\\\/logo\\\/image\\\/\",\"url\":\"https:\\\/\\\/equilibreinfo.com\\\/wp-content\\\/uploads\\\/2025\\\/03\\\/equilibre3-removebg-preview.png\",\"contentUrl\":\"https:\\\/\\\/equilibreinfo.com\\\/wp-content\\\/uploads\\\/2025\\\/03\\\/equilibre3-removebg-preview.png\",\"width\":512,\"height\":55,\"caption\":\"Cartes sur table communication\"},\"image\":{\"@id\":\"https:\\\/\\\/equilibreinfo.com\\\/#\\\/schema\\\/logo\\\/image\\\/\"}},{\"@type\":\"Person\",\"@id\":\"https:\\\/\\\/equilibreinfo.com\\\/#\\\/schema\\\/person\\\/4eef64c741ac6226a7b0ef81878fa086\",\"name\":\"equilibreinfo\",\"image\":{\"@type\":\"ImageObject\",\"inLanguage\":\"fr-FR\",\"@id\":\"https:\\\/\\\/secure.gravatar.com\\\/avatar\\\/8ec6fdc9242d931ca3bbce731ec954a8be4897f2da029dd1d8346143309e9ef8?s=96&d=mm&r=g\",\"url\":\"https:\\\/\\\/secure.gravatar.com\\\/avatar\\\/8ec6fdc9242d931ca3bbce731ec954a8be4897f2da029dd1d8346143309e9ef8?s=96&d=mm&r=g\",\"contentUrl\":\"https:\\\/\\\/secure.gravatar.com\\\/avatar\\\/8ec6fdc9242d931ca3bbce731ec954a8be4897f2da029dd1d8346143309e9ef8?s=96&d=mm&r=g\",\"caption\":\"equilibreinfo\"},\"sameAs\":[\"https:\\\/\\\/equilibreinfo.com\"],\"url\":\"https:\\\/\\\/equilibreinfo.com\\\/?author=1\"}]}<\/script>\n<!-- \/ Yoast SEO plugin. -->","yoast_head_json":{"title":"CRIET : 5 ans de prison requis contre cinq pr\u00e9venus, dont 03 militaires, dans une affaire de produits pharmaceutiques - Equilibre","description":"CRIET : le parquet sp\u00e9cial requiert 5 ans de prison ferme et 2 millions FCFA d\u2019amende contre cinq pr\u00e9venus, dont trois militaires, dans une affaire de produits pharmaceutiques.","robots":{"index":"index","follow":"follow","max-snippet":"max-snippet:-1","max-image-preview":"max-image-preview:large","max-video-preview":"max-video-preview:-1"},"canonical":"https:\/\/equilibreinfo.com\/?p=3629","og_locale":"fr_FR","og_type":"article","og_title":"CRIET : 5 ans de prison requis contre cinq pr\u00e9venus, dont 03 militaires, dans une affaire de produits pharmaceutiques - Equilibre","og_description":"CRIET : le parquet sp\u00e9cial requiert 5 ans de prison ferme et 2 millions FCFA d\u2019amende contre cinq pr\u00e9venus, dont trois militaires, dans une affaire de produits pharmaceutiques.","og_url":"https:\/\/equilibreinfo.com\/?p=3629","og_site_name":"Equilibre","article_published_time":"2026-08-31T10:32:47+00:00","og_image":[{"width":1040,"height":694,"url":"https:\/\/equilibreinfo.com\/wp-content\/uploads\/2026\/06\/GettyImages-903993266.webp","type":"image\/webp"}],"author":"equilibreinfo","twitter_card":"summary_large_image","twitter_misc":{"\u00c9crit par":"equilibreinfo","Dur\u00e9e de lecture estim\u00e9e":"2 minutes"},"schema":{"@context":"https:\/\/schema.org","@graph":[{"@type":"Article","@id":"https:\/\/equilibreinfo.com\/?p=3629#article","isPartOf":{"@id":"https:\/\/equilibreinfo.com\/?p=3629"},"author":{"name":"equilibreinfo","@id":"https:\/\/equilibreinfo.com\/#\/schema\/person\/4eef64c741ac6226a7b0ef81878fa086"},"headline":"CRIET : 5 ans de prison requis contre cinq pr\u00e9venus, dont 03 militaires, dans une affaire de produits pharmaceutiques","datePublished":"2026-08-31T10:32:47+00:00","mainEntityOfPage":{"@id":"https:\/\/equilibreinfo.com\/?p=3629"},"wordCount":240,"commentCount":0,"publisher":{"@id":"https:\/\/equilibreinfo.com\/#organization"},"image":{"@id":"https:\/\/equilibreinfo.com\/?p=3629#primaryimage"},"thumbnailUrl":"https:\/\/equilibreinfo.com\/wp-content\/uploads\/2026\/06\/GettyImages-903993266.webp","keywords":["- #Actualit\u00e9B\u00e9nin","##JusticeB\u00e9nin","#AffaireJudiciaire","#B\u00e9nin","#CRIET","#Justice","#LutteContreLaFraude","#Militaires","#Prison","#Proc\u00e8s","#ProduitsPharmaceutiques","#S\u00e9curit\u00e9"],"articleSection":["Actualit\u00e9"],"inLanguage":"fr-FR","potentialAction":[{"@type":"CommentAction","name":"Comment","target":["https:\/\/equilibreinfo.com\/?p=3629#respond"]}]},{"@type":"WebPage","@id":"https:\/\/equilibreinfo.com\/?p=3629","url":"https:\/\/equilibreinfo.com\/?p=3629","name":"CRIET : 5 ans de prison requis contre cinq pr\u00e9venus, dont 03 militaires, dans une affaire de produits pharmaceutiques - Equilibre","isPartOf":{"@id":"https:\/\/equilibreinfo.com\/#website"},"primaryImageOfPage":{"@id":"https:\/\/equilibreinfo.com\/?p=3629#primaryimage"},"image":{"@id":"https:\/\/equilibreinfo.com\/?p=3629#primaryimage"},"thumbnailUrl":"https:\/\/equilibreinfo.com\/wp-content\/uploads\/2026\/06\/GettyImages-903993266.webp","datePublished":"2026-08-31T10:32:47+00:00","description":"CRIET : le parquet sp\u00e9cial requiert 5 ans de prison ferme et 2 millions FCFA d\u2019amende contre cinq pr\u00e9venus, dont trois militaires, dans une affaire de produits pharmaceutiques.","breadcrumb":{"@id":"https:\/\/equilibreinfo.com\/?p=3629#breadcrumb"},"inLanguage":"fr-FR","potentialAction":[{"@type":"ReadAction","target":["https:\/\/equilibreinfo.com\/?p=3629"]}]},{"@type":"ImageObject","inLanguage":"fr-FR","@id":"https:\/\/equilibreinfo.com\/?p=3629#primaryimage","url":"https:\/\/equilibreinfo.com\/wp-content\/uploads\/2026\/06\/GettyImages-903993266.webp","contentUrl":"https:\/\/equilibreinfo.com\/wp-content\/uploads\/2026\/06\/GettyImages-903993266.webp","width":1040,"height":694},{"@type":"BreadcrumbList","@id":"https:\/\/equilibreinfo.com\/?p=3629#breadcrumb","itemListElement":[{"@type":"ListItem","position":1,"name":"Accueil","item":"https:\/\/equilibreinfo.com\/"},{"@type":"ListItem","position":2,"name":"CRIET : 5 ans de prison requis contre cinq pr\u00e9venus, dont 03 militaires, dans une affaire de produits pharmaceutiques"}]},{"@type":"WebSite","@id":"https:\/\/equilibreinfo.com\/#website","url":"https:\/\/equilibreinfo.com\/","name":"Cartes sur table communication","description":"Site Web d\u2019informations d\u2019analyses et de publicit\u00e9","publisher":{"@id":"https:\/\/equilibreinfo.com\/#organization"},"potentialAction":[{"@type":"SearchAction","target":{"@type":"EntryPoint","urlTemplate":"https:\/\/equilibreinfo.com\/?s={search_term_string}"},"query-input":{"@type":"PropertyValueSpecification","valueRequired":true,"valueName":"search_term_string"}}],"inLanguage":"fr-FR"},{"@type":"Organization","@id":"https:\/\/equilibreinfo.com\/#organization","name":"Cartes sur table communication","url":"https:\/\/equilibreinfo.com\/","logo":{"@type":"ImageObject","inLanguage":"fr-FR","@id":"https:\/\/equilibreinfo.com\/#\/schema\/logo\/image\/","url":"https:\/\/equilibreinfo.com\/wp-content\/uploads\/2025\/03\/equilibre3-removebg-preview.png","contentUrl":"https:\/\/equilibreinfo.com\/wp-content\/uploads\/2025\/03\/equilibre3-removebg-preview.png","width":512,"height":55,"caption":"Cartes sur table communication"},"image":{"@id":"https:\/\/equilibreinfo.com\/#\/schema\/logo\/image\/"}},{"@type":"Person","@id":"https:\/\/equilibreinfo.com\/#\/schema\/person\/4eef64c741ac6226a7b0ef81878fa086","name":"equilibreinfo","image":{"@type":"ImageObject","inLanguage":"fr-FR","@id":"https:\/\/secure.gravatar.com\/avatar\/8ec6fdc9242d931ca3bbce731ec954a8be4897f2da029dd1d8346143309e9ef8?s=96&d=mm&r=g","url":"https:\/\/secure.gravatar.com\/avatar\/8ec6fdc9242d931ca3bbce731ec954a8be4897f2da029dd1d8346143309e9ef8?s=96&d=mm&r=g","contentUrl":"https:\/\/secure.gravatar.com\/avatar\/8ec6fdc9242d931ca3bbce731ec954a8be4897f2da029dd1d8346143309e9ef8?s=96&d=mm&r=g","caption":"equilibreinfo"},"sameAs":["https:\/\/equilibreinfo.com"],"url":"https:\/\/equilibreinfo.com\/?author=1"}]}},"_links":{"self":[{"href":"https:\/\/equilibreinfo.com\/index.php?rest_route=\/wp\/v2\/posts\/3629","targetHints":{"allow":["GET"]}}],"collection":[{"href":"https:\/\/equilibreinfo.com\/index.php?rest_route=\/wp\/v2\/posts"}],"about":[{"href":"https:\/\/equilibreinfo.com\/index.php?rest_route=\/wp\/v2\/types\/post"}],"author":[{"embeddable":true,"href":"https:\/\/equilibreinfo.com\/index.php?rest_route=\/wp\/v2\/users\/1"}],"replies":[{"embeddable":true,"href":"https:\/\/equilibreinfo.com\/index.php?rest_route=%2Fwp%2Fv2%2Fcomments&post=3629"}],"version-history":[{"count":1,"href":"https:\/\/equilibreinfo.com\/index.php?rest_route=\/wp\/v2\/posts\/3629\/revisions"}],"predecessor-version":[{"id":3631,"href":"https:\/\/equilibreinfo.com\/index.php?rest_route=\/wp\/v2\/posts\/3629\/revisions\/3631"}],"wp:featuredmedia":[{"embeddable":true,"href":"https:\/\/equilibreinfo.com\/index.php?rest_route=\/wp\/v2\/media\/3484"}],"wp:attachment":[{"href":"https:\/\/equilibreinfo.com\/index.php?rest_route=%2Fwp%2Fv2%2Fmedia&parent=3629"}],"wp:term":[{"taxonomy":"category","embeddable":true,"href":"https:\/\/equilibreinfo.com\/index.php?rest_route=%2Fwp%2Fv2%2Fcategories&post=3629"},{"taxonomy":"post_tag","embeddable":true,"href":"https:\/\/equilibreinfo.com\/index.php?rest_route=%2Fwp%2Fv2%2Ftags&post=3629"}],"curies":[{"name":"wp","href":"https:\/\/api.w.org\/{rel}","templated":true}]}}