{"id":3632,"date":"2026-08-31T15:25:09","date_gmt":"2026-08-31T13:25:09","guid":{"rendered":"https:\/\/equilibreinfo.com\/?p=3632"},"modified":"2026-08-31T15:25:45","modified_gmt":"2026-08-31T13:25:45","slug":"harcelement-sexuel-a-cotonou-un-enseignant-condamne-a-5-ans-de-prison","status":"publish","type":"post","link":"https:\/\/equilibreinfo.com\/?p=3632","title":{"rendered":"Harc\u00e8lement sexuel \u00e0 Cotonou : un enseignant condamn\u00e9 \u00e0 5 ans de prison"},"content":{"rendered":"<p>La Cour de r\u00e9pression des infractions \u00e9conomiques et du terrorisme (CRIET) a confirm\u00e9 en appel la condamnation d\u2019un instituteur de 41 ans poursuivi pour harc\u00e8lement sexuel sur une \u00e9l\u00e8ve \u00e2g\u00e9e de 15 ans \u00e0 Cotonou.<\/p>\n<p>D\u00e9j\u00e0 condamn\u00e9 en premi\u00e8re instance \u00e0 cinq ans de prison ferme, l\u2019enseignant devra \u00e9galement s\u2019acquitter d\u2019une amende d\u2019un million de francs CFA. La justice lui interdit en outre d\u2019exercer le m\u00e9tier d\u2019enseignant pendant trois ans apr\u00e8s l\u2019ex\u00e9cution de sa peine.<\/p>\n<p>Apr\u00e8s avoir contest\u00e9 la premi\u00e8re d\u00e9cision, l\u2019instituteur avait fait appel. Mais \u00e0 l\u2019issue de l\u2019examen du dossier, la chambre d\u2019appel de la CRIET a confirm\u00e9 la condamnation prononc\u00e9e en premi\u00e8re instance.<\/p>\n<p>Cette d\u00e9cision intervient dans un contexte o\u00f9 la protection des mineurs en milieu scolaire reste une pr\u00e9occupation majeure. L\u2019Institut national de la femme (INF) rappelle \u00e0 ce titre que l\u2019\u00e9cole doit demeurer un espace s\u00fbr et protecteur pour tous les enfants.<\/p>\n<p>\u00c0 travers cette confirmation de peine, la justice r\u00e9affirme ainsi la n\u00e9cessit\u00e9 de prot\u00e9ger les \u00e9l\u00e8ves contre toute forme de violence ou de comportement \u00e0 caract\u00e8re sexuel en milieu \u00e9ducatif.<\/p>\n","protected":false},"excerpt":{"rendered":"<p>La Cour de r\u00e9pression des infractions \u00e9conomiques et du terrorisme (CRIET) a confirm\u00e9 en appel la condamnation d\u2019un<\/p>\n","protected":false},"author":1,"featured_media":3633,"comment_status":"open","ping_status":"open","sticky":false,"template":"","format":"standard","meta":{"footnotes":""},"categories":[18],"tags":[346,61,74,158,5230,73,5229,179,5231,1944],"class_list":["post-3632","post","type-post","status-publish","format-standard","has-post-thumbnail","hentry","category-actualite","tag-actualitebenin","tag-benin","tag-cotonou","tag-criet","tag-enseignant","tag-faitsdivers","tag-harcelementsexuel","tag-justice","tag-milieuscolaire","tag-protectiondesenfants"],"yoast_head":"<!-- This site is optimized with the Yoast SEO plugin v28.3 - https:\/\/yoast.com\/product\/yoast-seo-wordpress\/ -->\n<title>Harc\u00e8lement sexuel \u00e0 Cotonou : un enseignant condamn\u00e9 \u00e0 5 ans de prison - Equilibre<\/title>\n<meta name=\"description\" content=\"\u00c0 Cotonou, un enseignant de 41 ans a \u00e9t\u00e9 condamn\u00e9 \u00e0 5 ans de prison pour harc\u00e8lement sexuel sur une \u00e9l\u00e8ve de 15 ans. La CRIET a confirm\u00e9 la peine en appel.\" \/>\n<meta name=\"robots\" content=\"index, follow, max-snippet:-1, max-image-preview:large, max-video-preview:-1\" \/>\n<link rel=\"canonical\" href=\"https:\/\/equilibreinfo.com\/?p=3632\" \/>\n<meta property=\"og:locale\" content=\"fr_FR\" \/>\n<meta property=\"og:type\" content=\"article\" \/>\n<meta property=\"og:title\" content=\"Harc\u00e8lement sexuel \u00e0 Cotonou : un enseignant condamn\u00e9 \u00e0 5 ans de prison - Equilibre\" \/>\n<meta property=\"og:description\" content=\"\u00c0 Cotonou, un enseignant de 41 ans a \u00e9t\u00e9 condamn\u00e9 \u00e0 5 ans de prison pour harc\u00e8lement sexuel sur une \u00e9l\u00e8ve de 15 ans. La CRIET a confirm\u00e9 la peine en appel.\" \/>\n<meta property=\"og:url\" content=\"https:\/\/equilibreinfo.com\/?p=3632\" \/>\n<meta property=\"og:site_name\" content=\"Equilibre\" \/>\n<meta property=\"article:published_time\" content=\"2026-08-31T13:25:09+00:00\" \/>\n<meta property=\"article:modified_time\" content=\"2026-08-31T13:25:45+00:00\" \/>\n<meta property=\"og:image\" content=\"https:\/\/equilibreinfo.com\/wp-content\/uploads\/2026\/08\/IMG-20260831-WA0001.jpg\" \/>\n\t<meta property=\"og:image:width\" content=\"718\" \/>\n\t<meta property=\"og:image:height\" content=\"266\" \/>\n\t<meta property=\"og:image:type\" content=\"image\/jpeg\" \/>\n<meta name=\"author\" content=\"equilibreinfo\" \/>\n<meta name=\"twitter:card\" content=\"summary_large_image\" \/>\n<meta name=\"twitter:label1\" content=\"\u00c9crit par\" \/>\n\t<meta name=\"twitter:data1\" content=\"equilibreinfo\" \/>\n\t<meta name=\"twitter:label2\" content=\"Dur\u00e9e de lecture estim\u00e9e\" \/>\n\t<meta name=\"twitter:data2\" content=\"2 minutes\" \/>\n<script type=\"application\/ld+json\" class=\"yoast-schema-graph\">{\"@context\":\"https:\\\/\\\/schema.org\",\"@graph\":[{\"@type\":\"Article\",\"@id\":\"https:\\\/\\\/equilibreinfo.com\\\/?p=3632#article\",\"isPartOf\":{\"@id\":\"https:\\\/\\\/equilibreinfo.com\\\/?p=3632\"},\"author\":{\"name\":\"equilibreinfo\",\"@id\":\"https:\\\/\\\/equilibreinfo.com\\\/#\\\/schema\\\/person\\\/4eef64c741ac6226a7b0ef81878fa086\"},\"headline\":\"Harc\u00e8lement sexuel \u00e0 Cotonou : un enseignant condamn\u00e9 \u00e0 5 ans de prison\",\"datePublished\":\"2026-08-31T13:25:09+00:00\",\"dateModified\":\"2026-08-31T13:25:45+00:00\",\"mainEntityOfPage\":{\"@id\":\"https:\\\/\\\/equilibreinfo.com\\\/?p=3632\"},\"wordCount\":215,\"commentCount\":0,\"publisher\":{\"@id\":\"https:\\\/\\\/equilibreinfo.com\\\/#organization\"},\"image\":{\"@id\":\"https:\\\/\\\/equilibreinfo.com\\\/?p=3632#primaryimage\"},\"thumbnailUrl\":\"https:\\\/\\\/equilibreinfo.com\\\/wp-content\\\/uploads\\\/2026\\\/08\\\/IMG-20260831-WA0001.jpg\",\"keywords\":[\"- #Actualit\u00e9B\u00e9nin\",\"#B\u00e9nin\",\"#Cotonou\",\"#CRIET\",\"#Enseignant\",\"#FaitsDivers\",\"#HarcelementSexuel\",\"#Justice\",\"#MilieuScolaire\",\"#ProtectionDesEnfants\"],\"articleSection\":[\"Actualit\u00e9\"],\"inLanguage\":\"fr-FR\",\"potentialAction\":[{\"@type\":\"CommentAction\",\"name\":\"Comment\",\"target\":[\"https:\\\/\\\/equilibreinfo.com\\\/?p=3632#respond\"]}]},{\"@type\":\"WebPage\",\"@id\":\"https:\\\/\\\/equilibreinfo.com\\\/?p=3632\",\"url\":\"https:\\\/\\\/equilibreinfo.com\\\/?p=3632\",\"name\":\"Harc\u00e8lement sexuel \u00e0 Cotonou : un enseignant condamn\u00e9 \u00e0 5 ans de prison - Equilibre\",\"isPartOf\":{\"@id\":\"https:\\\/\\\/equilibreinfo.com\\\/#website\"},\"primaryImageOfPage\":{\"@id\":\"https:\\\/\\\/equilibreinfo.com\\\/?p=3632#primaryimage\"},\"image\":{\"@id\":\"https:\\\/\\\/equilibreinfo.com\\\/?p=3632#primaryimage\"},\"thumbnailUrl\":\"https:\\\/\\\/equilibreinfo.com\\\/wp-content\\\/uploads\\\/2026\\\/08\\\/IMG-20260831-WA0001.jpg\",\"datePublished\":\"2026-08-31T13:25:09+00:00\",\"dateModified\":\"2026-08-31T13:25:45+00:00\",\"description\":\"\u00c0 Cotonou, un enseignant de 41 ans a \u00e9t\u00e9 condamn\u00e9 \u00e0 5 ans de prison pour harc\u00e8lement sexuel sur une \u00e9l\u00e8ve de 15 ans. La CRIET a confirm\u00e9 la peine en appel.\",\"breadcrumb\":{\"@id\":\"https:\\\/\\\/equilibreinfo.com\\\/?p=3632#breadcrumb\"},\"inLanguage\":\"fr-FR\",\"potentialAction\":[{\"@type\":\"ReadAction\",\"target\":[\"https:\\\/\\\/equilibreinfo.com\\\/?p=3632\"]}]},{\"@type\":\"ImageObject\",\"inLanguage\":\"fr-FR\",\"@id\":\"https:\\\/\\\/equilibreinfo.com\\\/?p=3632#primaryimage\",\"url\":\"https:\\\/\\\/equilibreinfo.com\\\/wp-content\\\/uploads\\\/2026\\\/08\\\/IMG-20260831-WA0001.jpg\",\"contentUrl\":\"https:\\\/\\\/equilibreinfo.com\\\/wp-content\\\/uploads\\\/2026\\\/08\\\/IMG-20260831-WA0001.jpg\",\"width\":718,\"height\":266},{\"@type\":\"BreadcrumbList\",\"@id\":\"https:\\\/\\\/equilibreinfo.com\\\/?p=3632#breadcrumb\",\"itemListElement\":[{\"@type\":\"ListItem\",\"position\":1,\"name\":\"Accueil\",\"item\":\"https:\\\/\\\/equilibreinfo.com\\\/\"},{\"@type\":\"ListItem\",\"position\":2,\"name\":\"Harc\u00e8lement sexuel \u00e0 Cotonou : un enseignant condamn\u00e9 \u00e0 5 ans de prison\"}]},{\"@type\":\"WebSite\",\"@id\":\"https:\\\/\\\/equilibreinfo.com\\\/#website\",\"url\":\"https:\\\/\\\/equilibreinfo.com\\\/\",\"name\":\"Cartes sur table communication\",\"description\":\"Site Web d\u2019informations d\u2019analyses et de publicit\u00e9\",\"publisher\":{\"@id\":\"https:\\\/\\\/equilibreinfo.com\\\/#organization\"},\"potentialAction\":[{\"@type\":\"SearchAction\",\"target\":{\"@type\":\"EntryPoint\",\"urlTemplate\":\"https:\\\/\\\/equilibreinfo.com\\\/?s={search_term_string}\"},\"query-input\":{\"@type\":\"PropertyValueSpecification\",\"valueRequired\":true,\"valueName\":\"search_term_string\"}}],\"inLanguage\":\"fr-FR\"},{\"@type\":\"Organization\",\"@id\":\"https:\\\/\\\/equilibreinfo.com\\\/#organization\",\"name\":\"Cartes sur table communication\",\"url\":\"https:\\\/\\\/equilibreinfo.com\\\/\",\"logo\":{\"@type\":\"ImageObject\",\"inLanguage\":\"fr-FR\",\"@id\":\"https:\\\/\\\/equilibreinfo.com\\\/#\\\/schema\\\/logo\\\/image\\\/\",\"url\":\"https:\\\/\\\/equilibreinfo.com\\\/wp-content\\\/uploads\\\/2025\\\/03\\\/equilibre3-removebg-preview.png\",\"contentUrl\":\"https:\\\/\\\/equilibreinfo.com\\\/wp-content\\\/uploads\\\/2025\\\/03\\\/equilibre3-removebg-preview.png\",\"width\":512,\"height\":55,\"caption\":\"Cartes sur table communication\"},\"image\":{\"@id\":\"https:\\\/\\\/equilibreinfo.com\\\/#\\\/schema\\\/logo\\\/image\\\/\"}},{\"@type\":\"Person\",\"@id\":\"https:\\\/\\\/equilibreinfo.com\\\/#\\\/schema\\\/person\\\/4eef64c741ac6226a7b0ef81878fa086\",\"name\":\"equilibreinfo\",\"image\":{\"@type\":\"ImageObject\",\"inLanguage\":\"fr-FR\",\"@id\":\"https:\\\/\\\/secure.gravatar.com\\\/avatar\\\/8ec6fdc9242d931ca3bbce731ec954a8be4897f2da029dd1d8346143309e9ef8?s=96&d=mm&r=g\",\"url\":\"https:\\\/\\\/secure.gravatar.com\\\/avatar\\\/8ec6fdc9242d931ca3bbce731ec954a8be4897f2da029dd1d8346143309e9ef8?s=96&d=mm&r=g\",\"contentUrl\":\"https:\\\/\\\/secure.gravatar.com\\\/avatar\\\/8ec6fdc9242d931ca3bbce731ec954a8be4897f2da029dd1d8346143309e9ef8?s=96&d=mm&r=g\",\"caption\":\"equilibreinfo\"},\"sameAs\":[\"https:\\\/\\\/equilibreinfo.com\"],\"url\":\"https:\\\/\\\/equilibreinfo.com\\\/?author=1\"}]}<\/script>\n<!-- \/ Yoast SEO plugin. -->","yoast_head_json":{"title":"Harc\u00e8lement sexuel \u00e0 Cotonou : un enseignant condamn\u00e9 \u00e0 5 ans de prison - Equilibre","description":"\u00c0 Cotonou, un enseignant de 41 ans a \u00e9t\u00e9 condamn\u00e9 \u00e0 5 ans de prison pour harc\u00e8lement sexuel sur une \u00e9l\u00e8ve de 15 ans. La CRIET a confirm\u00e9 la peine en appel.","robots":{"index":"index","follow":"follow","max-snippet":"max-snippet:-1","max-image-preview":"max-image-preview:large","max-video-preview":"max-video-preview:-1"},"canonical":"https:\/\/equilibreinfo.com\/?p=3632","og_locale":"fr_FR","og_type":"article","og_title":"Harc\u00e8lement sexuel \u00e0 Cotonou : un enseignant condamn\u00e9 \u00e0 5 ans de prison - Equilibre","og_description":"\u00c0 Cotonou, un enseignant de 41 ans a \u00e9t\u00e9 condamn\u00e9 \u00e0 5 ans de prison pour harc\u00e8lement sexuel sur une \u00e9l\u00e8ve de 15 ans. La CRIET a confirm\u00e9 la peine en appel.","og_url":"https:\/\/equilibreinfo.com\/?p=3632","og_site_name":"Equilibre","article_published_time":"2026-08-31T13:25:09+00:00","article_modified_time":"2026-08-31T13:25:45+00:00","og_image":[{"width":718,"height":266,"url":"https:\/\/equilibreinfo.com\/wp-content\/uploads\/2026\/08\/IMG-20260831-WA0001.jpg","type":"image\/jpeg"}],"author":"equilibreinfo","twitter_card":"summary_large_image","twitter_misc":{"\u00c9crit par":"equilibreinfo","Dur\u00e9e de lecture estim\u00e9e":"2 minutes"},"schema":{"@context":"https:\/\/schema.org","@graph":[{"@type":"Article","@id":"https:\/\/equilibreinfo.com\/?p=3632#article","isPartOf":{"@id":"https:\/\/equilibreinfo.com\/?p=3632"},"author":{"name":"equilibreinfo","@id":"https:\/\/equilibreinfo.com\/#\/schema\/person\/4eef64c741ac6226a7b0ef81878fa086"},"headline":"Harc\u00e8lement sexuel \u00e0 Cotonou : un enseignant condamn\u00e9 \u00e0 5 ans de prison","datePublished":"2026-08-31T13:25:09+00:00","dateModified":"2026-08-31T13:25:45+00:00","mainEntityOfPage":{"@id":"https:\/\/equilibreinfo.com\/?p=3632"},"wordCount":215,"commentCount":0,"publisher":{"@id":"https:\/\/equilibreinfo.com\/#organization"},"image":{"@id":"https:\/\/equilibreinfo.com\/?p=3632#primaryimage"},"thumbnailUrl":"https:\/\/equilibreinfo.com\/wp-content\/uploads\/2026\/08\/IMG-20260831-WA0001.jpg","keywords":["- #Actualit\u00e9B\u00e9nin","#B\u00e9nin","#Cotonou","#CRIET","#Enseignant","#FaitsDivers","#HarcelementSexuel","#Justice","#MilieuScolaire","#ProtectionDesEnfants"],"articleSection":["Actualit\u00e9"],"inLanguage":"fr-FR","potentialAction":[{"@type":"CommentAction","name":"Comment","target":["https:\/\/equilibreinfo.com\/?p=3632#respond"]}]},{"@type":"WebPage","@id":"https:\/\/equilibreinfo.com\/?p=3632","url":"https:\/\/equilibreinfo.com\/?p=3632","name":"Harc\u00e8lement sexuel \u00e0 Cotonou : un enseignant condamn\u00e9 \u00e0 5 ans de prison - Equilibre","isPartOf":{"@id":"https:\/\/equilibreinfo.com\/#website"},"primaryImageOfPage":{"@id":"https:\/\/equilibreinfo.com\/?p=3632#primaryimage"},"image":{"@id":"https:\/\/equilibreinfo.com\/?p=3632#primaryimage"},"thumbnailUrl":"https:\/\/equilibreinfo.com\/wp-content\/uploads\/2026\/08\/IMG-20260831-WA0001.jpg","datePublished":"2026-08-31T13:25:09+00:00","dateModified":"2026-08-31T13:25:45+00:00","description":"\u00c0 Cotonou, un enseignant de 41 ans a \u00e9t\u00e9 condamn\u00e9 \u00e0 5 ans de prison pour harc\u00e8lement sexuel sur une \u00e9l\u00e8ve de 15 ans. La CRIET a confirm\u00e9 la peine en appel.","breadcrumb":{"@id":"https:\/\/equilibreinfo.com\/?p=3632#breadcrumb"},"inLanguage":"fr-FR","potentialAction":[{"@type":"ReadAction","target":["https:\/\/equilibreinfo.com\/?p=3632"]}]},{"@type":"ImageObject","inLanguage":"fr-FR","@id":"https:\/\/equilibreinfo.com\/?p=3632#primaryimage","url":"https:\/\/equilibreinfo.com\/wp-content\/uploads\/2026\/08\/IMG-20260831-WA0001.jpg","contentUrl":"https:\/\/equilibreinfo.com\/wp-content\/uploads\/2026\/08\/IMG-20260831-WA0001.jpg","width":718,"height":266},{"@type":"BreadcrumbList","@id":"https:\/\/equilibreinfo.com\/?p=3632#breadcrumb","itemListElement":[{"@type":"ListItem","position":1,"name":"Accueil","item":"https:\/\/equilibreinfo.com\/"},{"@type":"ListItem","position":2,"name":"Harc\u00e8lement sexuel \u00e0 Cotonou : un enseignant condamn\u00e9 \u00e0 5 ans de prison"}]},{"@type":"WebSite","@id":"https:\/\/equilibreinfo.com\/#website","url":"https:\/\/equilibreinfo.com\/","name":"Cartes sur table communication","description":"Site Web d\u2019informations d\u2019analyses et de publicit\u00e9","publisher":{"@id":"https:\/\/equilibreinfo.com\/#organization"},"potentialAction":[{"@type":"SearchAction","target":{"@type":"EntryPoint","urlTemplate":"https:\/\/equilibreinfo.com\/?s={search_term_string}"},"query-input":{"@type":"PropertyValueSpecification","valueRequired":true,"valueName":"search_term_string"}}],"inLanguage":"fr-FR"},{"@type":"Organization","@id":"https:\/\/equilibreinfo.com\/#organization","name":"Cartes sur table communication","url":"https:\/\/equilibreinfo.com\/","logo":{"@type":"ImageObject","inLanguage":"fr-FR","@id":"https:\/\/equilibreinfo.com\/#\/schema\/logo\/image\/","url":"https:\/\/equilibreinfo.com\/wp-content\/uploads\/2025\/03\/equilibre3-removebg-preview.png","contentUrl":"https:\/\/equilibreinfo.com\/wp-content\/uploads\/2025\/03\/equilibre3-removebg-preview.png","width":512,"height":55,"caption":"Cartes sur table communication"},"image":{"@id":"https:\/\/equilibreinfo.com\/#\/schema\/logo\/image\/"}},{"@type":"Person","@id":"https:\/\/equilibreinfo.com\/#\/schema\/person\/4eef64c741ac6226a7b0ef81878fa086","name":"equilibreinfo","image":{"@type":"ImageObject","inLanguage":"fr-FR","@id":"https:\/\/secure.gravatar.com\/avatar\/8ec6fdc9242d931ca3bbce731ec954a8be4897f2da029dd1d8346143309e9ef8?s=96&d=mm&r=g","url":"https:\/\/secure.gravatar.com\/avatar\/8ec6fdc9242d931ca3bbce731ec954a8be4897f2da029dd1d8346143309e9ef8?s=96&d=mm&r=g","contentUrl":"https:\/\/secure.gravatar.com\/avatar\/8ec6fdc9242d931ca3bbce731ec954a8be4897f2da029dd1d8346143309e9ef8?s=96&d=mm&r=g","caption":"equilibreinfo"},"sameAs":["https:\/\/equilibreinfo.com"],"url":"https:\/\/equilibreinfo.com\/?author=1"}]}},"_links":{"self":[{"href":"https:\/\/equilibreinfo.com\/index.php?rest_route=\/wp\/v2\/posts\/3632","targetHints":{"allow":["GET"]}}],"collection":[{"href":"https:\/\/equilibreinfo.com\/index.php?rest_route=\/wp\/v2\/posts"}],"about":[{"href":"https:\/\/equilibreinfo.com\/index.php?rest_route=\/wp\/v2\/types\/post"}],"author":[{"embeddable":true,"href":"https:\/\/equilibreinfo.com\/index.php?rest_route=\/wp\/v2\/users\/1"}],"replies":[{"embeddable":true,"href":"https:\/\/equilibreinfo.com\/index.php?rest_route=%2Fwp%2Fv2%2Fcomments&post=3632"}],"version-history":[{"count":1,"href":"https:\/\/equilibreinfo.com\/index.php?rest_route=\/wp\/v2\/posts\/3632\/revisions"}],"predecessor-version":[{"id":3634,"href":"https:\/\/equilibreinfo.com\/index.php?rest_route=\/wp\/v2\/posts\/3632\/revisions\/3634"}],"wp:featuredmedia":[{"embeddable":true,"href":"https:\/\/equilibreinfo.com\/index.php?rest_route=\/wp\/v2\/media\/3633"}],"wp:attachment":[{"href":"https:\/\/equilibreinfo.com\/index.php?rest_route=%2Fwp%2Fv2%2Fmedia&parent=3632"}],"wp:term":[{"taxonomy":"category","embeddable":true,"href":"https:\/\/equilibreinfo.com\/index.php?rest_route=%2Fwp%2Fv2%2Fcategories&post=3632"},{"taxonomy":"post_tag","embeddable":true,"href":"https:\/\/equilibreinfo.com\/index.php?rest_route=%2Fwp%2Fv2%2Ftags&post=3632"}],"curies":[{"name":"wp","href":"https:\/\/api.w.org\/{rel}","templated":true}]}}