{"id":3647,"date":"2026-09-04T16:01:11","date_gmt":"2026-09-04T14:01:11","guid":{"rendered":"https:\/\/equilibreinfo.com\/?p=3647"},"modified":"2026-09-04T16:03:28","modified_gmt":"2026-09-04T14:03:28","slug":"benin-six-suspects-ecroues-dans-une-affaire-presumee-de-trafic-dorgane-humain","status":"publish","type":"post","link":"https:\/\/equilibreinfo.com\/?p=3647","title":{"rendered":"B\u00e9nin : six suspects \u00e9crou\u00e9s dans une affaire pr\u00e9sum\u00e9e de trafic d\u2019organe humain"},"content":{"rendered":"<p>Une affaire particuli\u00e8rement sensible secoue Bohicon. Six personnes ont \u00e9t\u00e9 plac\u00e9es sous mandat de d\u00e9p\u00f4t dans le cadre d\u2019une enqu\u00eate portant sur un pr\u00e9sum\u00e9 trafic d\u2019organe humain, avec de possibles ramifications li\u00e9es \u00e0 une affaire de corps mutil\u00e9 d\u00e9couverte en 2023 \u00e0 Djidja.<\/p>\n<p>Selon Le Potentiel, tout est parti d\u2019un renseignement faisant \u00e9tat de la circulation pr\u00e9sum\u00e9e d\u2019un organe humain. Saisis de l\u2019affaire, les \u00e9l\u00e9ments du commissariat du 1er arrondissement de Bohicon ont ouvert des investigations qui ont conduit \u00e0 l\u2019interpellation de six suspects.<\/p>\n<p>Au fil des recherches, les enqu\u00eateurs auraient \u00e9galement \u00e9tabli un possible lien avec la d\u00e9couverte, en octobre 2023 \u00e0 Djidja, du corps mutil\u00e9 d\u2019une personne vuln\u00e9rable. Cette piste fait d\u00e9sormais partie des \u00e9l\u00e9ments examin\u00e9s par la justice.<\/p>\n<p>Pr\u00e9sent\u00e9s jeudi 3 septembre 2026 au procureur de la R\u00e9publique pr\u00e8s le tribunal de premi\u00e8re instance de deuxi\u00e8me classe d\u2019Abomey, les six mis en cause sont poursuivis notamment pour association de malfaiteurs, assassinat et trafic d\u2019organe humain, ainsi que pour d\u2019autres infractions.<\/p>\n<p>\u00c0 l\u2019issue de leur pr\u00e9sentation, ils ont \u00e9t\u00e9 plac\u00e9s sous mandat de d\u00e9p\u00f4t. Les investigations se poursuivent afin de faire toute la lumi\u00e8re sur cette affaire, notamment sur les circonstances exactes des faits, le r\u00f4le attribu\u00e9 \u00e0 chacun des suspects et l\u2019existence d\u2019\u00e9ventuelles connexions avec d\u2019autres personnes.<\/p>\n<p>\u00c0 ce stade, les accusations restent pr\u00e9sum\u00e9es et seule la justice est habilit\u00e9e \u00e0 \u00e9tablir les responsabilit\u00e9s.<\/p>\n","protected":false},"excerpt":{"rendered":"<p>Une affaire particuli\u00e8rement sensible secoue Bohicon. Six personnes ont \u00e9t\u00e9 plac\u00e9es sous mandat de d\u00e9p\u00f4t dans le cadre<\/p>\n","protected":false},"author":1,"featured_media":3633,"comment_status":"open","ping_status":"open","sticky":false,"template":"","format":"standard","meta":{"footnotes":""},"categories":[29],"tags":[346,3515,2632,61,1101,799,1878,800,73,179,759,72,5239],"class_list":["post-3647","post","type-post","status-publish","format-standard","has-post-thumbnail","hentry","category-faits-divers","tag-actualitebenin","tag-abomey","tag-assassinat","tag-benin","tag-bohicon","tag-criminalite","tag-djidja","tag-enquete","tag-faitsdivers","tag-justice","tag-mandatdedepot","tag-police","tag-traficorganehumain"],"yoast_head":"<!-- This site is optimized with the Yoast SEO plugin v28.4 - https:\/\/yoast.com\/product\/yoast-seo-wordpress\/ -->\n<title>B\u00e9nin : six suspects \u00e9crou\u00e9s dans une affaire pr\u00e9sum\u00e9e de trafic d\u2019organe humain - Equilibre<\/title>\n<meta name=\"description\" content=\"Bohicon : six suspects ont \u00e9t\u00e9 plac\u00e9s sous mandat de d\u00e9p\u00f4t dans une affaire pr\u00e9sum\u00e9e de trafic d\u2019organe humain et d\u2019assassinat.\" \/>\n<meta name=\"robots\" content=\"index, follow, max-snippet:-1, max-image-preview:large, max-video-preview:-1\" \/>\n<link rel=\"canonical\" href=\"https:\/\/equilibreinfo.com\/?p=3647\" \/>\n<meta property=\"og:locale\" content=\"fr_FR\" \/>\n<meta property=\"og:type\" content=\"article\" \/>\n<meta property=\"og:title\" content=\"B\u00e9nin : six suspects \u00e9crou\u00e9s dans une affaire pr\u00e9sum\u00e9e de trafic d\u2019organe humain - Equilibre\" \/>\n<meta property=\"og:description\" content=\"Bohicon : six suspects ont \u00e9t\u00e9 plac\u00e9s sous mandat de d\u00e9p\u00f4t dans une affaire pr\u00e9sum\u00e9e de trafic d\u2019organe humain et d\u2019assassinat.\" \/>\n<meta property=\"og:url\" content=\"https:\/\/equilibreinfo.com\/?p=3647\" \/>\n<meta property=\"og:site_name\" content=\"Equilibre\" \/>\n<meta property=\"article:published_time\" content=\"2026-09-04T14:01:11+00:00\" \/>\n<meta property=\"article:modified_time\" content=\"2026-09-04T14:03:28+00:00\" \/>\n<meta property=\"og:image\" content=\"https:\/\/equilibreinfo.com\/wp-content\/uploads\/2026\/08\/IMG-20260831-WA0001.jpg\" \/>\n\t<meta property=\"og:image:width\" content=\"718\" \/>\n\t<meta property=\"og:image:height\" content=\"266\" \/>\n\t<meta property=\"og:image:type\" content=\"image\/jpeg\" \/>\n<meta name=\"author\" content=\"equilibreinfo\" \/>\n<meta name=\"twitter:card\" content=\"summary_large_image\" \/>\n<meta name=\"twitter:label1\" content=\"\u00c9crit par\" \/>\n\t<meta name=\"twitter:data1\" content=\"equilibreinfo\" \/>\n\t<meta name=\"twitter:label2\" content=\"Dur\u00e9e de lecture estim\u00e9e\" \/>\n\t<meta name=\"twitter:data2\" content=\"2 minutes\" \/>\n<script type=\"application\/ld+json\" class=\"yoast-schema-graph\">{\"@context\":\"https:\\\/\\\/schema.org\",\"@graph\":[{\"@type\":\"Article\",\"@id\":\"https:\\\/\\\/equilibreinfo.com\\\/?p=3647#article\",\"isPartOf\":{\"@id\":\"https:\\\/\\\/equilibreinfo.com\\\/?p=3647\"},\"author\":{\"name\":\"equilibreinfo\",\"@id\":\"https:\\\/\\\/equilibreinfo.com\\\/#\\\/schema\\\/person\\\/4eef64c741ac6226a7b0ef81878fa086\"},\"headline\":\"B\u00e9nin : six suspects \u00e9crou\u00e9s dans une affaire pr\u00e9sum\u00e9e de trafic d\u2019organe humain\",\"datePublished\":\"2026-09-04T14:01:11+00:00\",\"dateModified\":\"2026-09-04T14:03:28+00:00\",\"mainEntityOfPage\":{\"@id\":\"https:\\\/\\\/equilibreinfo.com\\\/?p=3647\"},\"wordCount\":279,\"commentCount\":0,\"publisher\":{\"@id\":\"https:\\\/\\\/equilibreinfo.com\\\/#organization\"},\"image\":{\"@id\":\"https:\\\/\\\/equilibreinfo.com\\\/?p=3647#primaryimage\"},\"thumbnailUrl\":\"https:\\\/\\\/equilibreinfo.com\\\/wp-content\\\/uploads\\\/2026\\\/08\\\/IMG-20260831-WA0001.jpg\",\"keywords\":[\"- #Actualit\u00e9B\u00e9nin\",\"#Abomey\",\"#Assassinat\",\"#B\u00e9nin\",\"#Bohicon\",\"#Criminalit\u00e9\",\"#Djidja\",\"#Enqu\u00eate\",\"#FaitsDivers\",\"#Justice\",\"#MandatDeD\u00e9p\u00f4t\",\"#Police\",\"#TraficOrganeHumain\"],\"articleSection\":[\"Faits Divers\"],\"inLanguage\":\"fr-FR\",\"potentialAction\":[{\"@type\":\"CommentAction\",\"name\":\"Comment\",\"target\":[\"https:\\\/\\\/equilibreinfo.com\\\/?p=3647#respond\"]}]},{\"@type\":\"WebPage\",\"@id\":\"https:\\\/\\\/equilibreinfo.com\\\/?p=3647\",\"url\":\"https:\\\/\\\/equilibreinfo.com\\\/?p=3647\",\"name\":\"B\u00e9nin : six suspects \u00e9crou\u00e9s dans une affaire pr\u00e9sum\u00e9e de trafic d\u2019organe humain - Equilibre\",\"isPartOf\":{\"@id\":\"https:\\\/\\\/equilibreinfo.com\\\/#website\"},\"primaryImageOfPage\":{\"@id\":\"https:\\\/\\\/equilibreinfo.com\\\/?p=3647#primaryimage\"},\"image\":{\"@id\":\"https:\\\/\\\/equilibreinfo.com\\\/?p=3647#primaryimage\"},\"thumbnailUrl\":\"https:\\\/\\\/equilibreinfo.com\\\/wp-content\\\/uploads\\\/2026\\\/08\\\/IMG-20260831-WA0001.jpg\",\"datePublished\":\"2026-09-04T14:01:11+00:00\",\"dateModified\":\"2026-09-04T14:03:28+00:00\",\"description\":\"Bohicon : six suspects ont \u00e9t\u00e9 plac\u00e9s sous mandat de d\u00e9p\u00f4t dans une affaire pr\u00e9sum\u00e9e de trafic d\u2019organe humain et d\u2019assassinat.\",\"breadcrumb\":{\"@id\":\"https:\\\/\\\/equilibreinfo.com\\\/?p=3647#breadcrumb\"},\"inLanguage\":\"fr-FR\",\"potentialAction\":[{\"@type\":\"ReadAction\",\"target\":[\"https:\\\/\\\/equilibreinfo.com\\\/?p=3647\"]}]},{\"@type\":\"ImageObject\",\"inLanguage\":\"fr-FR\",\"@id\":\"https:\\\/\\\/equilibreinfo.com\\\/?p=3647#primaryimage\",\"url\":\"https:\\\/\\\/equilibreinfo.com\\\/wp-content\\\/uploads\\\/2026\\\/08\\\/IMG-20260831-WA0001.jpg\",\"contentUrl\":\"https:\\\/\\\/equilibreinfo.com\\\/wp-content\\\/uploads\\\/2026\\\/08\\\/IMG-20260831-WA0001.jpg\",\"width\":718,\"height\":266},{\"@type\":\"BreadcrumbList\",\"@id\":\"https:\\\/\\\/equilibreinfo.com\\\/?p=3647#breadcrumb\",\"itemListElement\":[{\"@type\":\"ListItem\",\"position\":1,\"name\":\"Accueil\",\"item\":\"https:\\\/\\\/equilibreinfo.com\\\/\"},{\"@type\":\"ListItem\",\"position\":2,\"name\":\"B\u00e9nin : six suspects \u00e9crou\u00e9s dans une affaire pr\u00e9sum\u00e9e de trafic d\u2019organe humain\"}]},{\"@type\":\"WebSite\",\"@id\":\"https:\\\/\\\/equilibreinfo.com\\\/#website\",\"url\":\"https:\\\/\\\/equilibreinfo.com\\\/\",\"name\":\"Cartes sur table communication\",\"description\":\"Site Web d\u2019informations d\u2019analyses et de publicit\u00e9\",\"publisher\":{\"@id\":\"https:\\\/\\\/equilibreinfo.com\\\/#organization\"},\"potentialAction\":[{\"@type\":\"SearchAction\",\"target\":{\"@type\":\"EntryPoint\",\"urlTemplate\":\"https:\\\/\\\/equilibreinfo.com\\\/?s={search_term_string}\"},\"query-input\":{\"@type\":\"PropertyValueSpecification\",\"valueRequired\":true,\"valueName\":\"search_term_string\"}}],\"inLanguage\":\"fr-FR\"},{\"@type\":\"Organization\",\"@id\":\"https:\\\/\\\/equilibreinfo.com\\\/#organization\",\"name\":\"Cartes sur table communication\",\"url\":\"https:\\\/\\\/equilibreinfo.com\\\/\",\"logo\":{\"@type\":\"ImageObject\",\"inLanguage\":\"fr-FR\",\"@id\":\"https:\\\/\\\/equilibreinfo.com\\\/#\\\/schema\\\/logo\\\/image\\\/\",\"url\":\"https:\\\/\\\/equilibreinfo.com\\\/wp-content\\\/uploads\\\/2025\\\/03\\\/equilibre3-removebg-preview.png\",\"contentUrl\":\"https:\\\/\\\/equilibreinfo.com\\\/wp-content\\\/uploads\\\/2025\\\/03\\\/equilibre3-removebg-preview.png\",\"width\":512,\"height\":55,\"caption\":\"Cartes sur table communication\"},\"image\":{\"@id\":\"https:\\\/\\\/equilibreinfo.com\\\/#\\\/schema\\\/logo\\\/image\\\/\"}},{\"@type\":\"Person\",\"@id\":\"https:\\\/\\\/equilibreinfo.com\\\/#\\\/schema\\\/person\\\/4eef64c741ac6226a7b0ef81878fa086\",\"name\":\"equilibreinfo\",\"image\":{\"@type\":\"ImageObject\",\"inLanguage\":\"fr-FR\",\"@id\":\"https:\\\/\\\/secure.gravatar.com\\\/avatar\\\/8ec6fdc9242d931ca3bbce731ec954a8be4897f2da029dd1d8346143309e9ef8?s=96&d=mm&r=g\",\"url\":\"https:\\\/\\\/secure.gravatar.com\\\/avatar\\\/8ec6fdc9242d931ca3bbce731ec954a8be4897f2da029dd1d8346143309e9ef8?s=96&d=mm&r=g\",\"contentUrl\":\"https:\\\/\\\/secure.gravatar.com\\\/avatar\\\/8ec6fdc9242d931ca3bbce731ec954a8be4897f2da029dd1d8346143309e9ef8?s=96&d=mm&r=g\",\"caption\":\"equilibreinfo\"},\"sameAs\":[\"https:\\\/\\\/equilibreinfo.com\"],\"url\":\"https:\\\/\\\/equilibreinfo.com\\\/?author=1\"}]}<\/script>\n<!-- \/ Yoast SEO plugin. -->","yoast_head_json":{"title":"B\u00e9nin : six suspects \u00e9crou\u00e9s dans une affaire pr\u00e9sum\u00e9e de trafic d\u2019organe humain - Equilibre","description":"Bohicon : six suspects ont \u00e9t\u00e9 plac\u00e9s sous mandat de d\u00e9p\u00f4t dans une affaire pr\u00e9sum\u00e9e de trafic d\u2019organe humain et d\u2019assassinat.","robots":{"index":"index","follow":"follow","max-snippet":"max-snippet:-1","max-image-preview":"max-image-preview:large","max-video-preview":"max-video-preview:-1"},"canonical":"https:\/\/equilibreinfo.com\/?p=3647","og_locale":"fr_FR","og_type":"article","og_title":"B\u00e9nin : six suspects \u00e9crou\u00e9s dans une affaire pr\u00e9sum\u00e9e de trafic d\u2019organe humain - Equilibre","og_description":"Bohicon : six suspects ont \u00e9t\u00e9 plac\u00e9s sous mandat de d\u00e9p\u00f4t dans une affaire pr\u00e9sum\u00e9e de trafic d\u2019organe humain et d\u2019assassinat.","og_url":"https:\/\/equilibreinfo.com\/?p=3647","og_site_name":"Equilibre","article_published_time":"2026-09-04T14:01:11+00:00","article_modified_time":"2026-09-04T14:03:28+00:00","og_image":[{"width":718,"height":266,"url":"https:\/\/equilibreinfo.com\/wp-content\/uploads\/2026\/08\/IMG-20260831-WA0001.jpg","type":"image\/jpeg"}],"author":"equilibreinfo","twitter_card":"summary_large_image","twitter_misc":{"\u00c9crit par":"equilibreinfo","Dur\u00e9e de lecture estim\u00e9e":"2 minutes"},"schema":{"@context":"https:\/\/schema.org","@graph":[{"@type":"Article","@id":"https:\/\/equilibreinfo.com\/?p=3647#article","isPartOf":{"@id":"https:\/\/equilibreinfo.com\/?p=3647"},"author":{"name":"equilibreinfo","@id":"https:\/\/equilibreinfo.com\/#\/schema\/person\/4eef64c741ac6226a7b0ef81878fa086"},"headline":"B\u00e9nin : six suspects \u00e9crou\u00e9s dans une affaire pr\u00e9sum\u00e9e de trafic d\u2019organe humain","datePublished":"2026-09-04T14:01:11+00:00","dateModified":"2026-09-04T14:03:28+00:00","mainEntityOfPage":{"@id":"https:\/\/equilibreinfo.com\/?p=3647"},"wordCount":279,"commentCount":0,"publisher":{"@id":"https:\/\/equilibreinfo.com\/#organization"},"image":{"@id":"https:\/\/equilibreinfo.com\/?p=3647#primaryimage"},"thumbnailUrl":"https:\/\/equilibreinfo.com\/wp-content\/uploads\/2026\/08\/IMG-20260831-WA0001.jpg","keywords":["- #Actualit\u00e9B\u00e9nin","#Abomey","#Assassinat","#B\u00e9nin","#Bohicon","#Criminalit\u00e9","#Djidja","#Enqu\u00eate","#FaitsDivers","#Justice","#MandatDeD\u00e9p\u00f4t","#Police","#TraficOrganeHumain"],"articleSection":["Faits Divers"],"inLanguage":"fr-FR","potentialAction":[{"@type":"CommentAction","name":"Comment","target":["https:\/\/equilibreinfo.com\/?p=3647#respond"]}]},{"@type":"WebPage","@id":"https:\/\/equilibreinfo.com\/?p=3647","url":"https:\/\/equilibreinfo.com\/?p=3647","name":"B\u00e9nin : six suspects \u00e9crou\u00e9s dans une affaire pr\u00e9sum\u00e9e de trafic d\u2019organe humain - Equilibre","isPartOf":{"@id":"https:\/\/equilibreinfo.com\/#website"},"primaryImageOfPage":{"@id":"https:\/\/equilibreinfo.com\/?p=3647#primaryimage"},"image":{"@id":"https:\/\/equilibreinfo.com\/?p=3647#primaryimage"},"thumbnailUrl":"https:\/\/equilibreinfo.com\/wp-content\/uploads\/2026\/08\/IMG-20260831-WA0001.jpg","datePublished":"2026-09-04T14:01:11+00:00","dateModified":"2026-09-04T14:03:28+00:00","description":"Bohicon : six suspects ont \u00e9t\u00e9 plac\u00e9s sous mandat de d\u00e9p\u00f4t dans une affaire pr\u00e9sum\u00e9e de trafic d\u2019organe humain et d\u2019assassinat.","breadcrumb":{"@id":"https:\/\/equilibreinfo.com\/?p=3647#breadcrumb"},"inLanguage":"fr-FR","potentialAction":[{"@type":"ReadAction","target":["https:\/\/equilibreinfo.com\/?p=3647"]}]},{"@type":"ImageObject","inLanguage":"fr-FR","@id":"https:\/\/equilibreinfo.com\/?p=3647#primaryimage","url":"https:\/\/equilibreinfo.com\/wp-content\/uploads\/2026\/08\/IMG-20260831-WA0001.jpg","contentUrl":"https:\/\/equilibreinfo.com\/wp-content\/uploads\/2026\/08\/IMG-20260831-WA0001.jpg","width":718,"height":266},{"@type":"BreadcrumbList","@id":"https:\/\/equilibreinfo.com\/?p=3647#breadcrumb","itemListElement":[{"@type":"ListItem","position":1,"name":"Accueil","item":"https:\/\/equilibreinfo.com\/"},{"@type":"ListItem","position":2,"name":"B\u00e9nin : six suspects \u00e9crou\u00e9s dans une affaire pr\u00e9sum\u00e9e de trafic d\u2019organe humain"}]},{"@type":"WebSite","@id":"https:\/\/equilibreinfo.com\/#website","url":"https:\/\/equilibreinfo.com\/","name":"Cartes sur table communication","description":"Site Web d\u2019informations d\u2019analyses et de publicit\u00e9","publisher":{"@id":"https:\/\/equilibreinfo.com\/#organization"},"potentialAction":[{"@type":"SearchAction","target":{"@type":"EntryPoint","urlTemplate":"https:\/\/equilibreinfo.com\/?s={search_term_string}"},"query-input":{"@type":"PropertyValueSpecification","valueRequired":true,"valueName":"search_term_string"}}],"inLanguage":"fr-FR"},{"@type":"Organization","@id":"https:\/\/equilibreinfo.com\/#organization","name":"Cartes sur table communication","url":"https:\/\/equilibreinfo.com\/","logo":{"@type":"ImageObject","inLanguage":"fr-FR","@id":"https:\/\/equilibreinfo.com\/#\/schema\/logo\/image\/","url":"https:\/\/equilibreinfo.com\/wp-content\/uploads\/2025\/03\/equilibre3-removebg-preview.png","contentUrl":"https:\/\/equilibreinfo.com\/wp-content\/uploads\/2025\/03\/equilibre3-removebg-preview.png","width":512,"height":55,"caption":"Cartes sur table communication"},"image":{"@id":"https:\/\/equilibreinfo.com\/#\/schema\/logo\/image\/"}},{"@type":"Person","@id":"https:\/\/equilibreinfo.com\/#\/schema\/person\/4eef64c741ac6226a7b0ef81878fa086","name":"equilibreinfo","image":{"@type":"ImageObject","inLanguage":"fr-FR","@id":"https:\/\/secure.gravatar.com\/avatar\/8ec6fdc9242d931ca3bbce731ec954a8be4897f2da029dd1d8346143309e9ef8?s=96&d=mm&r=g","url":"https:\/\/secure.gravatar.com\/avatar\/8ec6fdc9242d931ca3bbce731ec954a8be4897f2da029dd1d8346143309e9ef8?s=96&d=mm&r=g","contentUrl":"https:\/\/secure.gravatar.com\/avatar\/8ec6fdc9242d931ca3bbce731ec954a8be4897f2da029dd1d8346143309e9ef8?s=96&d=mm&r=g","caption":"equilibreinfo"},"sameAs":["https:\/\/equilibreinfo.com"],"url":"https:\/\/equilibreinfo.com\/?author=1"}]}},"_links":{"self":[{"href":"https:\/\/equilibreinfo.com\/index.php?rest_route=\/wp\/v2\/posts\/3647","targetHints":{"allow":["GET"]}}],"collection":[{"href":"https:\/\/equilibreinfo.com\/index.php?rest_route=\/wp\/v2\/posts"}],"about":[{"href":"https:\/\/equilibreinfo.com\/index.php?rest_route=\/wp\/v2\/types\/post"}],"author":[{"embeddable":true,"href":"https:\/\/equilibreinfo.com\/index.php?rest_route=\/wp\/v2\/users\/1"}],"replies":[{"embeddable":true,"href":"https:\/\/equilibreinfo.com\/index.php?rest_route=%2Fwp%2Fv2%2Fcomments&post=3647"}],"version-history":[{"count":3,"href":"https:\/\/equilibreinfo.com\/index.php?rest_route=\/wp\/v2\/posts\/3647\/revisions"}],"predecessor-version":[{"id":3650,"href":"https:\/\/equilibreinfo.com\/index.php?rest_route=\/wp\/v2\/posts\/3647\/revisions\/3650"}],"wp:featuredmedia":[{"embeddable":true,"href":"https:\/\/equilibreinfo.com\/index.php?rest_route=\/wp\/v2\/media\/3633"}],"wp:attachment":[{"href":"https:\/\/equilibreinfo.com\/index.php?rest_route=%2Fwp%2Fv2%2Fmedia&parent=3647"}],"wp:term":[{"taxonomy":"category","embeddable":true,"href":"https:\/\/equilibreinfo.com\/index.php?rest_route=%2Fwp%2Fv2%2Fcategories&post=3647"},{"taxonomy":"post_tag","embeddable":true,"href":"https:\/\/equilibreinfo.com\/index.php?rest_route=%2Fwp%2Fv2%2Ftags&post=3647"}],"curies":[{"name":"wp","href":"https:\/\/api.w.org\/{rel}","templated":true}]}}